{"id":2906,"date":"2026-08-30T18:45:59","date_gmt":"2026-08-30T17:45:59","guid":{"rendered":"https:\/\/jonseredscout.se\/blogg\/?p=2906"},"modified":"2026-08-30T18:45:59","modified_gmt":"2026-08-30T17:45:59","slug":"hostlager-pa-ransberg-3","status":"publish","type":"post","link":"https:\/\/jonseredscout.se\/blogg\/arkiv\/2906","title":{"rendered":"H\u00f6stl\u00e4ger p\u00e5 Ransberg"},"content":{"rendered":"\n<figure class=\"wp-block-image size-large\"><img loading=\"lazy\" decoding=\"async\" width=\"1024\" height=\"768\" src=\"https:\/\/jonseredscout.se\/blogg\/wp-content\/uploads\/2026\/08\/20250927_074411142_iOS-1024x768.jpg\" alt=\"\" class=\"wp-image-2910\" srcset=\"https:\/\/jonseredscout.se\/blogg\/wp-content\/uploads\/2026\/08\/20250927_074411142_iOS-1024x768.jpg 1024w, https:\/\/jonseredscout.se\/blogg\/wp-content\/uploads\/2026\/08\/20250927_074411142_iOS-300x225.jpg 300w, https:\/\/jonseredscout.se\/blogg\/wp-content\/uploads\/2026\/08\/20250927_074411142_iOS-768x576.jpg 768w, https:\/\/jonseredscout.se\/blogg\/wp-content\/uploads\/2026\/08\/20250927_074411142_iOS-1536x1152.jpg 1536w, https:\/\/jonseredscout.se\/blogg\/wp-content\/uploads\/2026\/08\/20250927_074411142_iOS-2048x1536.jpg 2048w\" sizes=\"auto, (max-width: 1024px) 100vw, 1024px\" \/><\/figure>\n\n\n\n<p>Nu \u00e4r det dags att anm\u00e4la er till h\u00f6stens stora l\u00e4ger p\u00e5 Ransbergs herrg\u00e5rd i V\u00e4rmland den 25-27 september.<\/p>\n\n\n\n<p>L\u00e4s mer i pdf:en och anm\u00e4l er h\u00e4r: <a href=\"https:\/\/tinyurl.com\/ransberg2026\">https:\/\/tinyurl.com\/ransberg2026<\/a> senast den 9\/9, men g\u00e4rna s\u00e5 snart som m\u00f6jligt.<\/p>\n\n\n\n<p>Vi kommer dela mer information, exakt tid och plats n\u00e4r bussen g\u00e5r, packlista med mera s\u00e5 fort vi sj\u00e4lva f\u00e5r information fr\u00e5n arrang\u00f6ren.<\/p>\n\n\n\n<div data-client-id=\"be2a36960df74205b67aa4d6619e7882\" id=\"pdf-1\" class=\"wp-block-tropicalista-pdfembed\" style=\"height:500px\" data-api-key=\"\" data-file-name=\"Ransberg-ht26\" data-media-url=\"https:\/\/jonseredscout.se\/blogg\/wp-content\/uploads\/2026\/08\/Ransberg-ht26.pdf\" data-default-view-mode=\"FIT_PAGE\"><\/div>\n\n\n\n<figure class=\"wp-block-image size-large\"><img loading=\"lazy\" decoding=\"async\" width=\"768\" height=\"1024\" src=\"https:\/\/jonseredscout.se\/blogg\/wp-content\/uploads\/2026\/08\/20250927_063754284_iOS-768x1024.jpg\" alt=\"\" class=\"wp-image-2909\" srcset=\"https:\/\/jonseredscout.se\/blogg\/wp-content\/uploads\/2026\/08\/20250927_063754284_iOS-768x1024.jpg 768w, https:\/\/jonseredscout.se\/blogg\/wp-content\/uploads\/2026\/08\/20250927_063754284_iOS-225x300.jpg 225w, https:\/\/jonseredscout.se\/blogg\/wp-content\/uploads\/2026\/08\/20250927_063754284_iOS-1152x1536.jpg 1152w, https:\/\/jonseredscout.se\/blogg\/wp-content\/uploads\/2026\/08\/20250927_063754284_iOS-1536x2048.jpg 1536w, https:\/\/jonseredscout.se\/blogg\/wp-content\/uploads\/2026\/08\/20250927_063754284_iOS-scaled.jpg 1920w\" sizes=\"auto, (max-width: 768px) 100vw, 768px\" \/><\/figure>\n","protected":false},"excerpt":{"rendered":"<p>Nu \u00e4r det dags att anm\u00e4la er till h\u00f6stens stora l\u00e4ger p\u00e5 Ransbergs herrg\u00e5rd i V\u00e4rmland den 25-27 september. L\u00e4s mer i pdf:en och anm\u00e4l er h\u00e4r: https:\/\/tinyurl.com\/ransberg2026 senast den 9\/9, men g\u00e4rna s\u00e5 snart som m\u00f6jligt. Vi kommer dela mer information, exakt tid och plats n\u00e4r bussen g\u00e5r, packlista med mera s\u00e5 fort vi [&hellip;]<\/p>\n","protected":false},"author":15,"featured_media":0,"comment_status":"closed","ping_status":"","sticky":false,"template":"","format":"standard","meta":{"_uag_custom_page_level_css":"","_themeisle_gutenberg_block_has_review":false,"footnotes":""},"categories":[19],"tags":[],"class_list":["post-2906","post","type-post","status-publish","format-standard","hentry","category-information"],"uagb_featured_image_src":{"full":false,"thumbnail":false,"medium":false,"medium_large":false,"large":false,"1536x1536":false,"2048x2048":false},"uagb_author_info":{"display_name":"Nicklas","author_link":"https:\/\/jonseredscout.se\/blogg\/arkiv\/author\/nicklas"},"uagb_comment_info":0,"uagb_excerpt":"Nu \u00e4r det dags att anm\u00e4la er till h\u00f6stens stora l\u00e4ger p\u00e5 Ransbergs herrg\u00e5rd i V\u00e4rmland den 25-27 september. L\u00e4s mer i pdf:en och anm\u00e4l er h\u00e4r: https:\/\/tinyurl.com\/ransberg2026 senast den 9\/9, men g\u00e4rna s\u00e5 snart som m\u00f6jligt. Vi kommer dela mer information, exakt tid och plats n\u00e4r bussen g\u00e5r, packlista med mera s\u00e5 fort vi&hellip;","publishpress_future_action":{"enabled":false,"date":"2026-09-11 16:34:47","action":"change-status","newStatus":"draft","terms":[],"taxonomy":"category","extraData":[]},"publishpress_future_workflow_manual_trigger":{"enabledWorkflows":[]},"_links":{"self":[{"href":"https:\/\/jonseredscout.se\/blogg\/wp-json\/wp\/v2\/posts\/2906","targetHints":{"allow":["GET"]}}],"collection":[{"href":"https:\/\/jonseredscout.se\/blogg\/wp-json\/wp\/v2\/posts"}],"about":[{"href":"https:\/\/jonseredscout.se\/blogg\/wp-json\/wp\/v2\/types\/post"}],"author":[{"embeddable":true,"href":"https:\/\/jonseredscout.se\/blogg\/wp-json\/wp\/v2\/users\/15"}],"replies":[{"embeddable":true,"href":"https:\/\/jonseredscout.se\/blogg\/wp-json\/wp\/v2\/comments?post=2906"}],"version-history":[{"count":1,"href":"https:\/\/jonseredscout.se\/blogg\/wp-json\/wp\/v2\/posts\/2906\/revisions"}],"predecessor-version":[{"id":2912,"href":"https:\/\/jonseredscout.se\/blogg\/wp-json\/wp\/v2\/posts\/2906\/revisions\/2912"}],"wp:attachment":[{"href":"https:\/\/jonseredscout.se\/blogg\/wp-json\/wp\/v2\/media?parent=2906"}],"wp:term":[{"taxonomy":"category","embeddable":true,"href":"https:\/\/jonseredscout.se\/blogg\/wp-json\/wp\/v2\/categories?post=2906"},{"taxonomy":"post_tag","embeddable":true,"href":"https:\/\/jonseredscout.se\/blogg\/wp-json\/wp\/v2\/tags?post=2906"}],"curies":[{"name":"wp","href":"https:\/\/api.w.org\/{rel}","templated":true}]}}