{"id":2812,"date":"2025-08-25T21:01:11","date_gmt":"2025-08-25T20:01:11","guid":{"rendered":"https:\/\/jonseredscout.se\/blogg\/?p=2812"},"modified":"2025-08-25T21:01:11","modified_gmt":"2025-08-25T20:01:11","slug":"nu-ar-hostterminen-igang","status":"publish","type":"post","link":"https:\/\/jonseredscout.se\/blogg\/arkiv\/2812","title":{"rendered":"Nu \u00e4r h\u00f6stterminen ig\u00e5ng!"},"content":{"rendered":"\n<p>Det blev en bra start p\u00e5 h\u00f6stterminen, med ett helt g\u00e4ng glada och peppade scouter, b\u00e5de gamla som nya. Vi kommer hitta p\u00e5 mycket roligt och sp\u00e4nnande under h\u00f6sten!<\/p>\n\n\n\n<p>Vi har fortfarande plats f\u00f6r fler barn och ungdomar, s\u00e5 k\u00e4nner du n\u00e5gon fr\u00e5n 7 \u00e5r och upp\u00e5t, kom till oss p\u00e5 Anna Stinas lid (ordenshuset\/G\u00f6ta bio) n\u00e4sta m\u00e5ndag den 1 september kl 18:30!<\/p>\n\n\n\n<p>H\u00e4r kommer terminsprogrammen f\u00f6r avdelningarna Spejarna, Vandrarna och Nybyggarna:<\/p>\n\n\n\n<div data-client-id=\"be2a36960df74205b67aa4d6619e7882\" id=\"pdf-1\" class=\"wp-block-tropicalista-pdfembed\" style=\"height:500px\" data-api-key=\"\" data-file-name=\"Terminsprogram-Spejarna-ht-2025\" data-media-url=\"https:\/\/jonseredscout.se\/blogg\/wp-content\/uploads\/2025\/08\/Terminsprogram-Spejarna-ht-2025.pdf\" data-show-download-pdf=\"true\" data-show-print-pdf=\"true\" data-show-page-controls=\"true\" data-show-thumbnails=\"true\" data-show-bookmarks=\"true\" data-show-zoom-control=\"true\" data-show-full-screen=\"true\" data-default-view-mode=\"FIT_PAGE\" data-show-annotation-tools=\"true\" data-enable-form-filling=\"true\" data-enable-text-selection=\"true\"><\/div>\n\n\n\n<div data-client-id=\"be2a36960df74205b67aa4d6619e7882\" id=\"pdf-2\" class=\"wp-block-tropicalista-pdfembed\" style=\"height:500px\" data-api-key=\"\" data-file-name=\"Terminsprogram-Vandrarna-ht-2025\" data-media-url=\"https:\/\/jonseredscout.se\/blogg\/wp-content\/uploads\/2025\/08\/Terminsprogram-Vandrarna-ht-2025.pdf\" data-show-download-pdf=\"true\" data-show-print-pdf=\"true\" data-show-page-controls=\"true\" data-show-thumbnails=\"true\" data-show-bookmarks=\"true\" data-show-zoom-control=\"true\" data-show-full-screen=\"true\" data-default-view-mode=\"FIT_PAGE\" data-show-annotation-tools=\"true\" data-enable-form-filling=\"true\" data-enable-text-selection=\"true\"><\/div>\n\n\n\n<div data-client-id=\"be2a36960df74205b67aa4d6619e7882\" id=\"pdf-3\" class=\"wp-block-tropicalista-pdfembed\" style=\"height:500px\" data-api-key=\"\" data-file-name=\"Terminsprogram-Nybyggarna-ht-2025\" data-media-url=\"https:\/\/jonseredscout.se\/blogg\/wp-content\/uploads\/2025\/08\/Terminsprogram-Nybyggarna-ht-2025.pdf\" data-show-download-pdf=\"true\" data-show-print-pdf=\"true\" data-show-page-controls=\"true\" data-show-thumbnails=\"true\" data-show-bookmarks=\"true\" data-show-zoom-control=\"true\" data-show-full-screen=\"true\" data-default-view-mode=\"FIT_PAGE\" data-show-annotation-tools=\"true\" data-enable-form-filling=\"true\" data-enable-text-selection=\"true\"><\/div>\n","protected":false},"excerpt":{"rendered":"<p>Det blev en bra start p\u00e5 h\u00f6stterminen, med ett helt g\u00e4ng glada och peppade scouter, b\u00e5de gamla som nya. Vi kommer hitta p\u00e5 mycket roligt och sp\u00e4nnande under h\u00f6sten! Vi har fortfarande plats f\u00f6r fler barn och ungdomar, s\u00e5 k\u00e4nner du n\u00e5gon fr\u00e5n 7 \u00e5r och upp\u00e5t, kom till oss p\u00e5 Anna Stinas lid (ordenshuset\/G\u00f6ta [&hellip;]<\/p>\n","protected":false},"author":15,"featured_media":0,"comment_status":"closed","ping_status":"","sticky":false,"template":"","format":"standard","meta":{"_uag_custom_page_level_css":"","_themeisle_gutenberg_block_has_review":false,"footnotes":""},"categories":[19],"tags":[],"class_list":["post-2812","post","type-post","status-publish","format-standard","hentry","category-information"],"uagb_featured_image_src":{"full":false,"thumbnail":false,"medium":false,"medium_large":false,"large":false,"1536x1536":false,"2048x2048":false},"uagb_author_info":{"display_name":"Nicklas","author_link":"https:\/\/jonseredscout.se\/blogg\/arkiv\/author\/nicklas"},"uagb_comment_info":0,"uagb_excerpt":"Det blev en bra start p\u00e5 h\u00f6stterminen, med ett helt g\u00e4ng glada och peppade scouter, b\u00e5de gamla som nya. Vi kommer hitta p\u00e5 mycket roligt och sp\u00e4nnande under h\u00f6sten! Vi har fortfarande plats f\u00f6r fler barn och ungdomar, s\u00e5 k\u00e4nner du n\u00e5gon fr\u00e5n 7 \u00e5r och upp\u00e5t, kom till oss p\u00e5 Anna Stinas lid (ordenshuset\/G\u00f6ta&hellip;","publishpress_future_action":{"enabled":false,"date":"2026-05-07 07:01:08","action":"change-status","newStatus":"draft","terms":[],"taxonomy":"category","extraData":[]},"publishpress_future_workflow_manual_trigger":{"enabledWorkflows":[]},"_links":{"self":[{"href":"https:\/\/jonseredscout.se\/blogg\/wp-json\/wp\/v2\/posts\/2812","targetHints":{"allow":["GET"]}}],"collection":[{"href":"https:\/\/jonseredscout.se\/blogg\/wp-json\/wp\/v2\/posts"}],"about":[{"href":"https:\/\/jonseredscout.se\/blogg\/wp-json\/wp\/v2\/types\/post"}],"author":[{"embeddable":true,"href":"https:\/\/jonseredscout.se\/blogg\/wp-json\/wp\/v2\/users\/15"}],"replies":[{"embeddable":true,"href":"https:\/\/jonseredscout.se\/blogg\/wp-json\/wp\/v2\/comments?post=2812"}],"version-history":[{"count":1,"href":"https:\/\/jonseredscout.se\/blogg\/wp-json\/wp\/v2\/posts\/2812\/revisions"}],"predecessor-version":[{"id":2816,"href":"https:\/\/jonseredscout.se\/blogg\/wp-json\/wp\/v2\/posts\/2812\/revisions\/2816"}],"wp:attachment":[{"href":"https:\/\/jonseredscout.se\/blogg\/wp-json\/wp\/v2\/media?parent=2812"}],"wp:term":[{"taxonomy":"category","embeddable":true,"href":"https:\/\/jonseredscout.se\/blogg\/wp-json\/wp\/v2\/categories?post=2812"},{"taxonomy":"post_tag","embeddable":true,"href":"https:\/\/jonseredscout.se\/blogg\/wp-json\/wp\/v2\/tags?post=2812"}],"curies":[{"name":"wp","href":"https:\/\/api.w.org\/{rel}","templated":true}]}}