{"id":2791,"date":"2025-04-14T07:43:49","date_gmt":"2025-04-14T06:43:49","guid":{"rendered":"https:\/\/jonseredscout.se\/blogg\/?p=2791"},"modified":"2025-04-14T07:43:49","modified_gmt":"2025-04-14T06:43:49","slug":"minitime-norporee-med-besok-pa-norges-storsta-nojespark-tusenfryd-16-18-maj","status":"publish","type":"post","link":"https:\/\/jonseredscout.se\/blogg\/arkiv\/2791","title":{"rendered":"MiniTime-Norporee med bes\u00f6k p\u00e5 Norges st\u00f6rsta n\u00f6jespark Tusenfryd 16-18 maj!"},"content":{"rendered":"\n<p>Hej alla <strong>Spejare <\/strong>och <strong>Vandrare <\/strong>i Jonsered Scoutk\u00e5r! Helgen den 16-18 maj \u00e4r det dags f\u00f6r l\u00e4ger p\u00e5 scouternas l\u00e4gerplats Kragen\u00e4s utanf\u00f6r Tanum i Bohusl\u00e4n.<\/p>\n\n\n\n<p>D\u00e5 vi inte har m\u00f6jlighet att ordna buss f\u00f6r resan, sam\u00e5ker vi till och fr\u00e5n Kragen\u00e4s. Vi uppskattar om f\u00f6r\u00e4ldrar kan l\u00e4mna och h\u00e4mta och \u00e4ven ta med n\u00e5gon extra scout i bilen, eller kanske sj\u00e4lv f\u00f6lja med p\u00e5 l\u00e4gret. Vi \u00e5ker d\u00e4remot buss till och fr\u00e5n Tusenfryd p\u00e5 l\u00f6rdagen.<\/p>\n\n\n\n<p>Vi kommer att sova i t\u00e4lt och vara utomhus hela helgen. N\u00e4r vi kommer fram p\u00e5 fredag kv\u00e4ll ska vi s\u00e4tta upp t\u00e4lt och installera oss p\u00e5 l\u00e4geromr\u00e5det. Det dr\u00f6jer d\u00e4rf\u00f6r innan det blir kv\u00e4llsmat. \u00c4t innan avresa och skicka g\u00e4rna med n\u00e5got mellanm\u00e5l att \u00e4ta vid ankomst.<\/p>\n\n\n\n<p>Under l\u00f6rdagen \u00e5ker vi buss till Norge och g\u00e5r p\u00e5 Tusenfryd, Norges st\u00f6rsta n\u00f6jespark strax s\u00f6der om Oslo. D\u00e4r g\u00e5r vi sm\u00e5 grupper med ledare. \u00d6vrig tid g\u00f6r vi aktiviteter p\u00e5 l\u00e4geromr\u00e5det med \u00f6vriga scouter. L\u00e4gerplatsen ligger vid havet men vi kommer inte att bada.<\/p>\n\n\n\n<p>Vi som ska \u00e5ka samlas vid scoutlokalen i Jonsered fredagen den 16:e maj klockan 17:00 och ser d\u00e4r till att alla scouter och v\u00e5r gemensamma utrustning kommer med.<\/p>\n\n\n\n<p>Vi r\u00e4knar med att \u00e5ka fr\u00e5n Kragen\u00e4s klockan 15 och vara tillbaka i Jonsered ca klockan 17 p\u00e5 s\u00f6ndagen.<\/p>\n\n\n\n<p>Kostnaden f\u00f6r l\u00e4gret, inklusive bussresa och bes\u00f6k p\u00e5 Tusenfryd och all mat under helgen \u00e4r 400:- per deltagare. Summan swishas till tel 123-2008308 i samband med anm\u00e4lan, men senast den 18 april, ange namn p\u00e5 den person betalningen avser. Vid avanm\u00e4lan efter 11 maj betalas inte summan tillbaka.<\/p>\n\n\n\n<p>B\u00e5de scoutdistriktet och k\u00e5ren subventionerar kostnaden som totalt uppg\u00e5r till ca 1600:-<\/p>\n\n\n\n<p>Packlista och mer information kommer att skickas ut efter att vi f\u00e5tt in alla\u00a0anm\u00e4lningar.<br><br>Anm\u00e4l er h\u00e4r, senast den 18 april: <a href=\"https:\/\/tinyurl.com\/minitime25\">https:\/\/tinyurl.com\/minitime25<\/a><\/p>\n\n\n\n<figure class=\"wp-block-image size-full\"><img loading=\"lazy\" decoding=\"async\" width=\"820\" height=\"461\" src=\"https:\/\/jonseredscout.se\/blogg\/wp-content\/uploads\/2025\/04\/img_20220805_053017-820x461-1.jpg\" alt=\"\" class=\"wp-image-2793\" srcset=\"https:\/\/jonseredscout.se\/blogg\/wp-content\/uploads\/2025\/04\/img_20220805_053017-820x461-1.jpg 820w, https:\/\/jonseredscout.se\/blogg\/wp-content\/uploads\/2025\/04\/img_20220805_053017-820x461-1-300x169.jpg 300w, https:\/\/jonseredscout.se\/blogg\/wp-content\/uploads\/2025\/04\/img_20220805_053017-820x461-1-768x432.jpg 768w\" sizes=\"auto, (max-width: 820px) 100vw, 820px\" \/><\/figure>\n\n\n\n<figure class=\"wp-block-image size-full\"><img loading=\"lazy\" decoding=\"async\" width=\"800\" height=\"600\" src=\"https:\/\/jonseredscout.se\/blogg\/wp-content\/uploads\/2025\/04\/Tundercoaster-Attraksjoner-Tusenfryd-new-02.jpg\" alt=\"\" class=\"wp-image-2794\" srcset=\"https:\/\/jonseredscout.se\/blogg\/wp-content\/uploads\/2025\/04\/Tundercoaster-Attraksjoner-Tusenfryd-new-02.jpg 800w, https:\/\/jonseredscout.se\/blogg\/wp-content\/uploads\/2025\/04\/Tundercoaster-Attraksjoner-Tusenfryd-new-02-300x225.jpg 300w, https:\/\/jonseredscout.se\/blogg\/wp-content\/uploads\/2025\/04\/Tundercoaster-Attraksjoner-Tusenfryd-new-02-768x576.jpg 768w\" sizes=\"auto, (max-width: 800px) 100vw, 800px\" \/><\/figure>\n\n\n\n<div data-client-id=\"be2a36960df74205b67aa4d6619e7882\" id=\"pdf-1\" class=\"wp-block-tropicalista-pdfembed\" style=\"height:500px\" data-api-key=\"\" data-file-name=\"MiniTime-norporee-2025\" data-media-url=\"https:\/\/jonseredscout.se\/blogg\/wp-content\/uploads\/2025\/04\/MiniTime-norporee-2025.pdf\" data-show-download-pdf=\"true\" data-show-print-pdf=\"true\" data-show-page-controls=\"true\" data-show-thumbnails=\"true\" data-show-bookmarks=\"true\" data-show-zoom-control=\"true\" data-show-full-screen=\"true\" data-default-view-mode=\"FIT_PAGE\" data-show-annotation-tools=\"true\" data-enable-form-filling=\"true\" data-enable-text-selection=\"true\"><\/div>\n","protected":false},"excerpt":{"rendered":"<p>Hej alla Spejare och Vandrare i Jonsered Scoutk\u00e5r! Helgen den 16-18 maj \u00e4r det dags f\u00f6r l\u00e4ger p\u00e5 scouternas l\u00e4gerplats Kragen\u00e4s utanf\u00f6r Tanum i Bohusl\u00e4n. D\u00e5 vi inte har m\u00f6jlighet att ordna buss f\u00f6r resan, sam\u00e5ker vi till och fr\u00e5n Kragen\u00e4s. Vi uppskattar om f\u00f6r\u00e4ldrar kan l\u00e4mna och h\u00e4mta och \u00e4ven ta med n\u00e5gon extra [&hellip;]<\/p>\n","protected":false},"author":15,"featured_media":0,"comment_status":"closed","ping_status":"","sticky":false,"template":"","format":"standard","meta":{"_uag_custom_page_level_css":"","_themeisle_gutenberg_block_has_review":false,"footnotes":""},"categories":[19],"tags":[],"class_list":["post-2791","post","type-post","status-publish","format-standard","hentry","category-information"],"uagb_featured_image_src":{"full":false,"thumbnail":false,"medium":false,"medium_large":false,"large":false,"1536x1536":false,"2048x2048":false},"uagb_author_info":{"display_name":"Nicklas","author_link":"https:\/\/jonseredscout.se\/blogg\/arkiv\/author\/nicklas"},"uagb_comment_info":0,"uagb_excerpt":"Hej alla Spejare och Vandrare i Jonsered Scoutk\u00e5r! Helgen den 16-18 maj \u00e4r det dags f\u00f6r l\u00e4ger p\u00e5 scouternas l\u00e4gerplats Kragen\u00e4s utanf\u00f6r Tanum i Bohusl\u00e4n. D\u00e5 vi inte har m\u00f6jlighet att ordna buss f\u00f6r resan, sam\u00e5ker vi till och fr\u00e5n Kragen\u00e4s. Vi uppskattar om f\u00f6r\u00e4ldrar kan l\u00e4mna och h\u00e4mta och \u00e4ven ta med n\u00e5gon extra&hellip;","publishpress_future_action":{"enabled":false,"date":"2026-09-11 18:59:02","action":"change-status","newStatus":"draft","terms":[],"taxonomy":"category","extraData":[]},"publishpress_future_workflow_manual_trigger":{"enabledWorkflows":[]},"_links":{"self":[{"href":"https:\/\/jonseredscout.se\/blogg\/wp-json\/wp\/v2\/posts\/2791","targetHints":{"allow":["GET"]}}],"collection":[{"href":"https:\/\/jonseredscout.se\/blogg\/wp-json\/wp\/v2\/posts"}],"about":[{"href":"https:\/\/jonseredscout.se\/blogg\/wp-json\/wp\/v2\/types\/post"}],"author":[{"embeddable":true,"href":"https:\/\/jonseredscout.se\/blogg\/wp-json\/wp\/v2\/users\/15"}],"replies":[{"embeddable":true,"href":"https:\/\/jonseredscout.se\/blogg\/wp-json\/wp\/v2\/comments?post=2791"}],"version-history":[{"count":1,"href":"https:\/\/jonseredscout.se\/blogg\/wp-json\/wp\/v2\/posts\/2791\/revisions"}],"predecessor-version":[{"id":2795,"href":"https:\/\/jonseredscout.se\/blogg\/wp-json\/wp\/v2\/posts\/2791\/revisions\/2795"}],"wp:attachment":[{"href":"https:\/\/jonseredscout.se\/blogg\/wp-json\/wp\/v2\/media?parent=2791"}],"wp:term":[{"taxonomy":"category","embeddable":true,"href":"https:\/\/jonseredscout.se\/blogg\/wp-json\/wp\/v2\/categories?post=2791"},{"taxonomy":"post_tag","embeddable":true,"href":"https:\/\/jonseredscout.se\/blogg\/wp-json\/wp\/v2\/tags?post=2791"}],"curies":[{"name":"wp","href":"https:\/\/api.w.org\/{rel}","templated":true}]}}