{"id":2713,"date":"2024-06-12T07:31:20","date_gmt":"2024-06-12T06:31:20","guid":{"rendered":"https:\/\/jonseredscout.se\/blogg\/?p=2713"},"modified":"2024-06-12T07:31:20","modified_gmt":"2024-06-12T06:31:20","slug":"sommarlager-avslutning-vaga","status":"publish","type":"post","link":"https:\/\/jonseredscout.se\/blogg\/arkiv\/2713","title":{"rendered":"Sommarl\u00e4ger &#038; avslutning &#8221;V\u00e5ga!&#8221;"},"content":{"rendered":"\n<p>Hej alla scouter &amp; scoutf\u00f6r\u00e4ldrar!<\/p>\n\n\n\n<p>Nu \u00e4r det snart dags f\u00f6r l\u00e4ger och avslutning p\u00e5 Ramsj\u00f6\u00e5s. Vi ska hitta p\u00e5 s\u00e5 mycket kul! Vi som ska sova \u00f6ver tr\u00e4ffas p\u00e5 <strong>fredag klockan 18:00<\/strong> p\u00e5 parkeringen vid Jonsereds Herrg\u00e5rd, och vandrar gemensamt upp till Ramsj\u00f6\u00e5s. Spejarna f\u00e5r v\u00e4lja om de vill sova i t\u00e4lt eller inomhus, f\u00f6r Vandrarna \u00e4r det t\u00e4lt som g\u00e4ller och f\u00f6r Nybyggarna blir det lite mer utmanande att bygga l\u00e4ger.<\/p>\n\n\n\n<p>H\u00e4r kommer packlistan f\u00f6r er personliga packning. Se till att f\u00f6lja den noga, s\u00e5 inget saknas p\u00e5 fredag. Vi vill s\u00e4rskilt p\u00e5minna om att ta med <strong>regnkl\u00e4der, vattent\u00e4ta skor\/st\u00f6vlar och ombyte<\/strong>, d\u00e5 det kan bli en och annan skur under helgen. T\u00e4nk ocks\u00e5 p\u00e5 att det \u00e4r den som b\u00e4r v\u00e4skan som ska packa v\u00e4skan, vi vill inte h\u00f6ra n\u00e5got om att &#8221;mamma har packat, s\u00e5 jag vet inte vad som \u00e4r med&#8230;&#8221;. Sj\u00e4lvklart f\u00e5r f\u00f6r\u00e4ldrar hj\u00e4lpa till, men det \u00e4r scouten sj\u00e4lv som ska ha koll p\u00e5 vad som kommer med. Anv\u00e4nd kryssrutorna p\u00e5 packlistan s\u00e5 inget gl\u00f6ms bort.<\/p>\n\n\n\n<p>F\u00f6r de scouter, f\u00f6r\u00e4ldrar och syskon som ska vara med p\u00e5 avslutningen p\u00e5 s\u00f6ndag, tr\u00e4ffas vi klockan 11:00 vid Jonsereds Herrg\u00e5rd och g\u00e5r gemensamt upp till Ramsj\u00f6\u00e5s. D\u00e4r bjuder vi p\u00e5 korv och fika innan vi har v\u00e5r avslutningsceremoni. Vi r\u00e4knar med att vara tillbaka vid herrg\u00e5rden ca klockan 14. <\/p>\n\n\n\n<div data-client-id=\"be2a36960df74205b67aa4d6619e7882\" data-file-name=\"Packlista-2024\" data-media-url=\"https:\/\/jonseredscout.se\/blogg\/wp-content\/uploads\/2024\/06\/Packlista-2024.pdf\" id=\"pdf-1\" class=\"wp-block-tropicalista-pdfembed\" style=\"height:500px\" data-apikey=\"314ea0c66b0946a9ab239223999ee922\" data-filename=\"Packlista-2024\" data-mediaurl=\"https:\/\/jonseredscout.se\/blogg\/wp-content\/uploads\/2024\/06\/Packlista-2024.pdf\" data-embedmode=\"\" data-showdownloadpdf=\"true\" data-showprintpdf=\"true\" data-showpagecontrols=\"true\" data-showfullscreen=\"true\" data-dockpagecontrols=\"true\" data-showannotationtools=\"true\" data-enableformfilling=\"true\"><\/div>\n","protected":false},"excerpt":{"rendered":"<p>Hej alla scouter &amp; scoutf\u00f6r\u00e4ldrar! Nu \u00e4r det snart dags f\u00f6r l\u00e4ger och avslutning p\u00e5 Ramsj\u00f6\u00e5s. Vi ska hitta p\u00e5 s\u00e5 mycket kul! Vi som ska sova \u00f6ver tr\u00e4ffas p\u00e5 fredag klockan 18:00 p\u00e5 parkeringen vid Jonsereds Herrg\u00e5rd, och vandrar gemensamt upp till Ramsj\u00f6\u00e5s. Spejarna f\u00e5r v\u00e4lja om de vill sova i t\u00e4lt eller inomhus, [&hellip;]<\/p>\n","protected":false},"author":15,"featured_media":0,"comment_status":"closed","ping_status":"","sticky":false,"template":"","format":"standard","meta":{"_uag_custom_page_level_css":"","_themeisle_gutenberg_block_has_review":false,"footnotes":""},"categories":[19],"tags":[],"class_list":["post-2713","post","type-post","status-publish","format-standard","hentry","category-information"],"uagb_featured_image_src":{"full":false,"thumbnail":false,"medium":false,"medium_large":false,"large":false,"1536x1536":false,"2048x2048":false},"uagb_author_info":{"display_name":"Nicklas","author_link":"https:\/\/jonseredscout.se\/blogg\/arkiv\/author\/nicklas"},"uagb_comment_info":0,"uagb_excerpt":"Hej alla scouter &amp; scoutf\u00f6r\u00e4ldrar! Nu \u00e4r det snart dags f\u00f6r l\u00e4ger och avslutning p\u00e5 Ramsj\u00f6\u00e5s. Vi ska hitta p\u00e5 s\u00e5 mycket kul! Vi som ska sova \u00f6ver tr\u00e4ffas p\u00e5 fredag klockan 18:00 p\u00e5 parkeringen vid Jonsereds Herrg\u00e5rd, och vandrar gemensamt upp till Ramsj\u00f6\u00e5s. Spejarna f\u00e5r v\u00e4lja om de vill sova i t\u00e4lt eller inomhus,&hellip;","publishpress_future_action":{"enabled":false,"date":"2026-05-07 09:53:37","action":"change-status","newStatus":"draft","terms":[],"taxonomy":"category","extraData":[]},"publishpress_future_workflow_manual_trigger":{"enabledWorkflows":[]},"_links":{"self":[{"href":"https:\/\/jonseredscout.se\/blogg\/wp-json\/wp\/v2\/posts\/2713","targetHints":{"allow":["GET"]}}],"collection":[{"href":"https:\/\/jonseredscout.se\/blogg\/wp-json\/wp\/v2\/posts"}],"about":[{"href":"https:\/\/jonseredscout.se\/blogg\/wp-json\/wp\/v2\/types\/post"}],"author":[{"embeddable":true,"href":"https:\/\/jonseredscout.se\/blogg\/wp-json\/wp\/v2\/users\/15"}],"replies":[{"embeddable":true,"href":"https:\/\/jonseredscout.se\/blogg\/wp-json\/wp\/v2\/comments?post=2713"}],"version-history":[{"count":1,"href":"https:\/\/jonseredscout.se\/blogg\/wp-json\/wp\/v2\/posts\/2713\/revisions"}],"predecessor-version":[{"id":2715,"href":"https:\/\/jonseredscout.se\/blogg\/wp-json\/wp\/v2\/posts\/2713\/revisions\/2715"}],"wp:attachment":[{"href":"https:\/\/jonseredscout.se\/blogg\/wp-json\/wp\/v2\/media?parent=2713"}],"wp:term":[{"taxonomy":"category","embeddable":true,"href":"https:\/\/jonseredscout.se\/blogg\/wp-json\/wp\/v2\/categories?post=2713"},{"taxonomy":"post_tag","embeddable":true,"href":"https:\/\/jonseredscout.se\/blogg\/wp-json\/wp\/v2\/tags?post=2713"}],"curies":[{"name":"wp","href":"https:\/\/api.w.org\/{rel}","templated":true}]}}