{"id":2696,"date":"2024-05-06T21:00:26","date_gmt":"2024-05-06T20:00:26","guid":{"rendered":"https:\/\/jonseredscout.se\/blogg\/?p=2696"},"modified":"2024-05-06T21:00:26","modified_gmt":"2024-05-06T20:00:26","slug":"grottkryp-i-hallesaker-13-maj","status":"publish","type":"post","link":"https:\/\/jonseredscout.se\/blogg\/arkiv\/2696","title":{"rendered":"Grottkryp i H\u00e4lles\u00e5ker 13 maj"},"content":{"rendered":"\n<p>Kom med p\u00e5 grottkryp och h\u00f6r historien om gr\u00e4nsfejder och B\u00f6rs\u00e5sbergets sp\u00e4nnande historia i det som en g\u00e5ng var gr\u00e4ns mellan Sverige och Danmark. <\/p>\n\n\n\n<figure class=\"wp-block-image size-large is-resized\"><img loading=\"lazy\" decoding=\"async\" width=\"768\" height=\"1024\" src=\"https:\/\/jonseredscout.se\/blogg\/wp-content\/uploads\/2024\/05\/IMG_3118-768x1024.jpg\" alt=\"\" class=\"wp-image-2698\" style=\"width:456px;height:auto\" srcset=\"https:\/\/jonseredscout.se\/blogg\/wp-content\/uploads\/2024\/05\/IMG_3118-768x1024.jpg 768w, https:\/\/jonseredscout.se\/blogg\/wp-content\/uploads\/2024\/05\/IMG_3118-225x300.jpg 225w, https:\/\/jonseredscout.se\/blogg\/wp-content\/uploads\/2024\/05\/IMG_3118-1152x1536.jpg 1152w, https:\/\/jonseredscout.se\/blogg\/wp-content\/uploads\/2024\/05\/IMG_3118-1536x2048.jpg 1536w, https:\/\/jonseredscout.se\/blogg\/wp-content\/uploads\/2024\/05\/IMG_3118-scaled.jpg 1920w\" sizes=\"auto, (max-width: 768px) 100vw, 768px\" \/><\/figure>\n\n\n\n<p>Vi samlas kl 18:30 p\u00e5 parkeringen vid H\u00e4lles\u00e5kerskolan och avslutar p\u00e5 samma plats kl 20:00. <\/p>\n\n\n<div style=\"height:400pxpx;\" class=\"wp-block-themeisle-blocks-leaflet-map\" id=\"wp-block-themeisle-blocks-leaflet-map-1d5bcbb7\"><\/div>\n<script type=\"text\/javascript\">\n\t\/* <![CDATA[ *\/\n\t\tif ( ! window.themeisleLeafletMaps ) window.themeisleLeafletMaps =[];\n\t\twindow.themeisleLeafletMaps.push( { container: \"wp-block-themeisle-blocks-leaflet-map-1d5bcbb7\", attributes: {\"id\":\"wp-block-themeisle-blocks-leaflet-map-1d5bcbb7\",\"latitude\":\"57.603382174903196\",\"longitude\":\"12.181777954101564\",\"bbox\":\"12.177808284759523,57.60223250410672,12.185747623443605,57.60453180934553\",\"zoom\":16,\"markers\":[{\"id\":\"ed2e3ba9-80b4-414d-a357-1f533010135d\",\"latitude\":57.60304877411491730754278250969946384429931640625,\"longitude\":12.1819496154785174013568394002504646778106689453125,\"title\":\"L\\u00e4gg till en rubrik\",\"description\":\"\"}],\"location\":\"La Sagrada Familia, Barcelona, Spain\",\"height\":\"400px\",\"zoomControl\":true,\"draggable\":true,\"hasCustomCSS\":false,\"customCSS\":\"\",\"otterConditions\":[]} } );\n\t\/* ]]> *\/\n<\/script>\n\n\n\n<p>O\u00f6mma kl\u00e4der och skor g\u00e4ller. Gl\u00f6m inte pannlampa eller ficklampa f\u00f6r grottkrypet. Ta med egen fika. F\u00f6r\u00e4ldrar och syskon \u00e4r ocks\u00e5 v\u00e4lkomna! <\/p>\n\n\n\n<p>Ring om du inte kan komma eller beh\u00f6ver hj\u00e4lp med sam\u00e5kning. Cecilia 0707880429<\/p>\n","protected":false},"excerpt":{"rendered":"<p>Kom med p\u00e5 grottkryp och h\u00f6r historien om gr\u00e4nsfejder och B\u00f6rs\u00e5sbergets sp\u00e4nnande historia i det som en g\u00e5ng var gr\u00e4ns mellan Sverige och Danmark. Vi samlas kl 18:30 p\u00e5 parkeringen vid H\u00e4lles\u00e5kerskolan och avslutar p\u00e5 samma plats kl 20:00. O\u00f6mma kl\u00e4der och skor g\u00e4ller. Gl\u00f6m inte pannlampa eller ficklampa f\u00f6r grottkrypet. Ta med egen fika. [&hellip;]<\/p>\n","protected":false},"author":15,"featured_media":0,"comment_status":"closed","ping_status":"","sticky":false,"template":"","format":"standard","meta":{"_uag_custom_page_level_css":"","_themeisle_gutenberg_block_has_review":false,"footnotes":""},"categories":[19],"tags":[],"class_list":["post-2696","post","type-post","status-publish","format-standard","hentry","category-information"],"uagb_featured_image_src":{"full":false,"thumbnail":false,"medium":false,"medium_large":false,"large":false,"1536x1536":false,"2048x2048":false},"uagb_author_info":{"display_name":"Nicklas","author_link":"https:\/\/jonseredscout.se\/blogg\/arkiv\/author\/nicklas"},"uagb_comment_info":0,"uagb_excerpt":"Kom med p\u00e5 grottkryp och h\u00f6r historien om gr\u00e4nsfejder och B\u00f6rs\u00e5sbergets sp\u00e4nnande historia i det som en g\u00e5ng var gr\u00e4ns mellan Sverige och Danmark. Vi samlas kl 18:30 p\u00e5 parkeringen vid H\u00e4lles\u00e5kerskolan och avslutar p\u00e5 samma plats kl 20:00. O\u00f6mma kl\u00e4der och skor g\u00e4ller. Gl\u00f6m inte pannlampa eller ficklampa f\u00f6r grottkrypet. Ta med egen fika.&hellip;","publishpress_future_action":{"enabled":false,"date":"2026-05-07 09:50:25","action":"change-status","newStatus":"draft","terms":[],"taxonomy":"category","extraData":[]},"publishpress_future_workflow_manual_trigger":{"enabledWorkflows":[]},"_links":{"self":[{"href":"https:\/\/jonseredscout.se\/blogg\/wp-json\/wp\/v2\/posts\/2696","targetHints":{"allow":["GET"]}}],"collection":[{"href":"https:\/\/jonseredscout.se\/blogg\/wp-json\/wp\/v2\/posts"}],"about":[{"href":"https:\/\/jonseredscout.se\/blogg\/wp-json\/wp\/v2\/types\/post"}],"author":[{"embeddable":true,"href":"https:\/\/jonseredscout.se\/blogg\/wp-json\/wp\/v2\/users\/15"}],"replies":[{"embeddable":true,"href":"https:\/\/jonseredscout.se\/blogg\/wp-json\/wp\/v2\/comments?post=2696"}],"version-history":[{"count":1,"href":"https:\/\/jonseredscout.se\/blogg\/wp-json\/wp\/v2\/posts\/2696\/revisions"}],"predecessor-version":[{"id":2699,"href":"https:\/\/jonseredscout.se\/blogg\/wp-json\/wp\/v2\/posts\/2696\/revisions\/2699"}],"wp:attachment":[{"href":"https:\/\/jonseredscout.se\/blogg\/wp-json\/wp\/v2\/media?parent=2696"}],"wp:term":[{"taxonomy":"category","embeddable":true,"href":"https:\/\/jonseredscout.se\/blogg\/wp-json\/wp\/v2\/categories?post=2696"},{"taxonomy":"post_tag","embeddable":true,"href":"https:\/\/jonseredscout.se\/blogg\/wp-json\/wp\/v2\/tags?post=2696"}],"curies":[{"name":"wp","href":"https:\/\/api.w.org\/{rel}","templated":true}]}}