{"id":2640,"date":"2024-02-05T16:58:06","date_gmt":"2024-02-05T15:58:06","guid":{"rendered":"https:\/\/jonseredscout.se\/blogg\/?p=2640"},"modified":"2024-02-05T16:58:06","modified_gmt":"2024-02-05T15:58:06","slug":"arets-skidresa-for-nybyggarna","status":"publish","type":"post","link":"https:\/\/jonseredscout.se\/blogg\/arkiv\/2640","title":{"rendered":"\u00c5rets skidresa f\u00f6r Nybyggarna"},"content":{"rendered":"\n<p><strong>OBS! I terminsprogrammet st\u00e5r det att skidresan \u00e4r fr\u00e5n 10 \u00e5r, men detta \u00e4r fel d\u00e5 arrang\u00f6rerna best\u00e4mt att den endast \u00e4r f\u00f6r Nybyggarna och \u00e4ldre scouter.<\/strong> <strong>Vi beklagar detta misstag fr\u00e5n v\u00e5r sida.<\/strong><\/p>\n\n\n\n<p><strong>Nu \u00e4r det dags att anm\u00e4la sig till distriktets skidresa.<\/strong><\/p>\n\n\n\n<p>Vi \u00e5ker mot V\u00e4rmland fredagen den 1 mars och sover 2 n\u00e4tter inomhus p\u00e5 Scoutcamp Ransberg.<\/p>\n\n\n\n<p>P\u00e5 l\u00f6rdagen kommer vi att \u00e5ka skidor i Bran\u00e4s och p\u00e5 s\u00f6ndagen i Hovfj\u00e4llet.<br>P\u00e5 b\u00e5da st\u00e4llena finns&nbsp;bra f\u00f6ruts\u00e4ttningar f\u00f6r b\u00e5de utf\u00f6rs\u00e5kning och l\u00e4ngd\u00e5kning om sn\u00f6n f\u00e5r ligga kvar.<\/p>\n\n\n\n<p><strong>Uppl\u00e4gget \u00e4r f\u00f6ljande:<\/strong><br><strong>Fredag<\/strong> &#8211; Vi \u00e5ker fr\u00e5n v\u00e4stkusten sen eftermiddag och kommer fram till Ransberg sen kv\u00e4ll. (Resrutten planeras utifr\u00e5n vilka som anm\u00e4ler sig)<br><strong>L\u00f6rdag<\/strong> \u2013 avresa till Bran\u00e4s, skid\u00e5kning hela dagen. Kv\u00e4ll med gemensam middag p\u00e5 Ransberg, mellomys, spelh\u00e4ng mm<br><strong>S\u00f6ndag<\/strong> \u2013 st\u00e4dning, avresa till Hovfj\u00e4llet, skid\u00e5kning hela dagen. Hemresa.<\/p>\n\n\n\n<p>Resan genomf\u00f6rs med gemensamma krafter. Alla hj\u00e4lps \u00e5t med matlagning och st\u00e4dning p\u00e5 Ransberg.<\/p>\n\n\n\n<p>\u00c4ventyrare ska ha med sig en ansvarig ledare. \u00c4r det ingen fr\u00e5n din egen k\u00e5r som ska med &#8211; be din ledare kolla med grannk\u00e5ren om du kan vara deras ledares ansvar.<\/p>\n\n\n\n<p><strong>Kostnad: <\/strong>800:-, swishas till k\u00e5ren p\u00e5 telefon: 123-200 83 08 senast 23\/2.<\/p>\n\n\n\n<ul class=\"wp-block-list\">\n<li>D\u00e5 ing\u00e5r resa, mat och liftkort.<\/li>\n\n\n\n<li>Avgiften betalas av medlemmen till resp. k\u00e5r som faktureras av distriktet i efterhand. Priset \u00e4r subventionerat av distriktet. Faktisk kostnad \u00e4r ca 2000:-<\/li>\n\n\n\n<li>Mat p\u00e5 resan upp p\u00e5 fredagen och resan hem p\u00e5 s\u00f6ndagen ordnar man sj\u00e4lv. Vi kommer stanna d\u00e4r man kan k\u00f6pa mat eller \u00e4ta medhavd mats\u00e4ck.<\/li>\n\n\n\n<li>Hyra av skidor sk\u00f6ter man p\u00e5 egen hand. F\u00f6r att f\u00e5 s\u00e5 l\u00e5ng tid som m\u00f6jligt i backen rekommenderar vi att hyra p\u00e5 hemmaplan. Annars \u00e4r det bra om ni bokar i f\u00f6rv\u00e4g p\u00e5 respektive anl\u00e4ggning.<\/li>\n<\/ul>\n\n\n\n<p>Man beh\u00f6ver inte ha \u00e5kt skidor f\u00f6rut, medf\u00f6ljande ledare hj\u00e4lps \u00e5r att instruera de som beh\u00f6ver hj\u00e4lp.&nbsp;<\/p>\n\n\n\n<p><strong>Sista anm\u00e4lningsdag \u00e4r den 23 februari, men antalet platser \u00e4r begr\u00e4nsat, s\u00e5 anm\u00e4l er g\u00e4rna s\u00e5 snart som m\u00f6jligt.<\/strong><\/p>\n\n\n\n<p>Det finns 81 s\u00e4ngplatser och 19 platser p\u00e5 golv om s\u00e4ngplatserna skulle ta slut.<br>Anm\u00e4l dig via f\u00f6ljande l\u00e4nk: <a href=\"https:\/\/protect-de.mimecast.com\/s\/KEFHC99JOysV7WGkcoAhPK?domain=url232.ebas.nsf.scout.se\">https:\/\/ebas.nsf.scout.se\/registrations\/add\/507<\/a><\/p>\n\n\n\n<p>OBS! Om man efter sista anm\u00e4lningsdag avanm\u00e4ler sig&nbsp;och inte \u00e5ker med utan giltig anledning f\u00e5r man betala hela den faktiska kostnaden 2000:- om inte platsen kan fyllas av en annan deltagare godk\u00e4nd av distriktet. Distriktet vill inte sponsra dem som inte \u00e5ker med. N\u00e4r du anm\u00e4lt dig f\u00e5r du ett bekr\u00e4ftelsemail till den e-postadress du angivit. F\u00e5r du inte det har din anm\u00e4lan inte g\u00e5tt igenom. Pr\u00f6va igen! Fungerar det inte &#8211; h\u00f6r av dig!<\/p>\n\n\n\n<p>Hoppas m\u00e5nga av er vill f\u00f6lja med till V\u00e4rmland!<\/p>\n\n\n\n<p>Fr\u00e5gor besvaras av<\/p>\n\n\n\n<p>Eva: <a href=\"mailto:eva.kilnas@nsf.scout.se\" target=\"_blank\" rel=\"noreferrer noopener\">eva.kilnas@nsf.scout.se<\/a><\/p>\n\n\n\n<p>Birgitta: <a href=\"mailto:birgitta.persson@nsf.scout.se\" target=\"_blank\" rel=\"noreferrer noopener\">birgitta.persson@nsf.scout.se<\/a><\/p>\n\n\n\n<p>Vi \u00e5terkommer med busstider n\u00e4r vi vet vilka som \u00e5ker med.<\/p>\n","protected":false},"excerpt":{"rendered":"<p>OBS! I terminsprogrammet st\u00e5r det att skidresan \u00e4r fr\u00e5n 10 \u00e5r, men detta \u00e4r fel d\u00e5 arrang\u00f6rerna best\u00e4mt att den endast \u00e4r f\u00f6r Nybyggarna och \u00e4ldre scouter. Vi beklagar detta misstag fr\u00e5n v\u00e5r sida. Nu \u00e4r det dags att anm\u00e4la sig till distriktets skidresa. Vi \u00e5ker mot V\u00e4rmland fredagen den 1 mars och sover 2 [&hellip;]<\/p>\n","protected":false},"author":15,"featured_media":0,"comment_status":"closed","ping_status":"","sticky":false,"template":"","format":"standard","meta":{"_uag_custom_page_level_css":"","_themeisle_gutenberg_block_has_review":false,"footnotes":""},"categories":[19],"tags":[],"class_list":["post-2640","post","type-post","status-publish","format-standard","hentry","category-information"],"uagb_featured_image_src":{"full":false,"thumbnail":false,"medium":false,"medium_large":false,"large":false,"1536x1536":false,"2048x2048":false},"uagb_author_info":{"display_name":"Nicklas","author_link":"https:\/\/jonseredscout.se\/blogg\/arkiv\/author\/nicklas"},"uagb_comment_info":0,"uagb_excerpt":"OBS! I terminsprogrammet st\u00e5r det att skidresan \u00e4r fr\u00e5n 10 \u00e5r, men detta \u00e4r fel d\u00e5 arrang\u00f6rerna best\u00e4mt att den endast \u00e4r f\u00f6r Nybyggarna och \u00e4ldre scouter. Vi beklagar detta misstag fr\u00e5n v\u00e5r sida. Nu \u00e4r det dags att anm\u00e4la sig till distriktets skidresa. Vi \u00e5ker mot V\u00e4rmland fredagen den 1 mars och sover 2&hellip;","publishpress_future_action":{"enabled":false,"date":"2026-05-07 10:56:56","action":"change-status","newStatus":"draft","terms":[],"taxonomy":"category","extraData":[]},"publishpress_future_workflow_manual_trigger":{"enabledWorkflows":[]},"_links":{"self":[{"href":"https:\/\/jonseredscout.se\/blogg\/wp-json\/wp\/v2\/posts\/2640","targetHints":{"allow":["GET"]}}],"collection":[{"href":"https:\/\/jonseredscout.se\/blogg\/wp-json\/wp\/v2\/posts"}],"about":[{"href":"https:\/\/jonseredscout.se\/blogg\/wp-json\/wp\/v2\/types\/post"}],"author":[{"embeddable":true,"href":"https:\/\/jonseredscout.se\/blogg\/wp-json\/wp\/v2\/users\/15"}],"replies":[{"embeddable":true,"href":"https:\/\/jonseredscout.se\/blogg\/wp-json\/wp\/v2\/comments?post=2640"}],"version-history":[{"count":2,"href":"https:\/\/jonseredscout.se\/blogg\/wp-json\/wp\/v2\/posts\/2640\/revisions"}],"predecessor-version":[{"id":2642,"href":"https:\/\/jonseredscout.se\/blogg\/wp-json\/wp\/v2\/posts\/2640\/revisions\/2642"}],"wp:attachment":[{"href":"https:\/\/jonseredscout.se\/blogg\/wp-json\/wp\/v2\/media?parent=2640"}],"wp:term":[{"taxonomy":"category","embeddable":true,"href":"https:\/\/jonseredscout.se\/blogg\/wp-json\/wp\/v2\/categories?post=2640"},{"taxonomy":"post_tag","embeddable":true,"href":"https:\/\/jonseredscout.se\/blogg\/wp-json\/wp\/v2\/tags?post=2640"}],"curies":[{"name":"wp","href":"https:\/\/api.w.org\/{rel}","templated":true}]}}