{"id":2264,"date":"2023-03-21T08:54:51","date_gmt":"2023-03-21T07:54:51","guid":{"rendered":"https:\/\/www.jonseredscout.se\/?p=2264"},"modified":"2023-08-13T21:58:56","modified_gmt":"2023-08-13T20:58:56","slug":"vaffeldagen-2023","status":"publish","type":"post","link":"https:\/\/jonseredscout.se\/blogg\/arkiv\/2264","title":{"rendered":"V\u00e5ffeldagen 2023"},"content":{"rendered":"\n<p><strong>Hej alla scouter &amp; scoutf\u00f6r\u00e4ldrar! S\u00f6ndagen den 26 mars \u00e4r det dags f\u00f6r V\u00e5ffeldagen. F\u00f6r att fira den<br>planerar vi att servera v\u00e5fflor med en massa tillbeh\u00f6r vid scoutlokalen p\u00e5 Anna-Stinas Lid mellan<br>klockan 11-15.<\/strong><\/p>\n\n\n\n<figure class=\"wp-block-image size-large\"><img loading=\"lazy\" decoding=\"async\" width=\"1024\" height=\"516\" src=\"https:\/\/www.jonseredscout.se\/blogg\/wp-content\/uploads\/2023\/03\/vafflor-1024x516.jpg\" alt=\"\" class=\"wp-image-2265\" srcset=\"https:\/\/jonseredscout.se\/blogg\/wp-content\/uploads\/2023\/03\/vafflor-1024x516.jpg 1024w, https:\/\/jonseredscout.se\/blogg\/wp-content\/uploads\/2023\/03\/vafflor-300x151.jpg 300w, https:\/\/jonseredscout.se\/blogg\/wp-content\/uploads\/2023\/03\/vafflor-768x387.jpg 768w, https:\/\/jonseredscout.se\/blogg\/wp-content\/uploads\/2023\/03\/vafflor-624x314.jpg 624w, https:\/\/jonseredscout.se\/blogg\/wp-content\/uploads\/2023\/03\/vafflor.jpg 1134w\" sizes=\"auto, (max-width: 1024px) 100vw, 1024px\" \/><\/figure>\n\n\n\n<p><br>Vi g\u00f6r detta av flera anledningar. Dels vill vi g\u00f6ra reklam f\u00f6r oss sj\u00e4lva, d\u00e5 vi g\u00e4rna blir fler scouter i k\u00e5ren, och dels vill vi f\u00e5 in pengar s\u00e5 vi kan \u00e5ka p\u00e5 fler roliga aktiviteter utan att det ska beh\u00f6va kosta extra f\u00f6r scouten.<br><br>Som ni s\u00e4kert vet \u00e4r Jonsered Scoutk\u00e5r en helt ideell f\u00f6rening. Ingen av oss ledare f\u00e5r n\u00e5gon ers\u00e4ttning, utan vi g\u00f6r detta f\u00f6r att vi tycker det \u00e4r roligt och f\u00f6r att ge era barn och ungdomar en meningsfull fritid med roliga aktiviteter och sp\u00e4nnande \u00e4ventyr. Vi f\u00e5r inte s\u00e4rskilt mycket bidrag f\u00f6r att driva v\u00e5r verksamhet, s\u00e5 d\u00e4rf\u00f6r beh\u00f6ver vi tyv\u00e4rr ofta ta betalt f\u00f6r aktiviteter som l\u00e4ger, hajker och annat ut\u00f6ver v\u00e5ra vanliga m\u00f6ten. Vi vill att fler ska ha r\u00e5d att f\u00f6lja med p\u00e5 s\u00e5dana aktiviteter, s\u00e5 d\u00e4rf\u00f6r f\u00f6rs\u00f6ker vi nu f\u00e5 in de pengar som kr\u00e4vs p\u00e5 nya s\u00e4tt.<br><br><strong>Vi ser g\u00e4rna att s\u00e5 m\u00e5nga scouter som m\u00f6jligt kommer och hj\u00e4lper till p\u00e5 s\u00f6ndag den 26:e. Ju fler vi blir, desto b\u00e4ttre! Alla beh\u00f6ver f\u00f6rst\u00e5s inte stanna d\u00e4r hela tiden mellan 11-15, utan kom dit n\u00e4r det passar och stanna s\u00e5 l\u00e4nge du kan! Sj\u00e4lvklart f\u00e5r alla scouter gratis v\u00e5fflor &amp; dryck, och vi kommer hitta p\u00e5 aktiviteter att f\u00f6rdriva tiden med mellan v\u00e5ffelgr\u00e4ddandet.<\/strong><br><br>S\u00e5 bjud in alla ni k\u00e4nner \u2013 sl\u00e4kt, grannar och folk du m\u00f6ter i aff\u00e4ren \u2013 s\u00e5 hoppas vi att det blir ett trevligt m\u00f6te med m\u00e5nga hungriga bes\u00f6kare!<\/p>\n","protected":false},"excerpt":{"rendered":"<p>Hej alla scouter &amp; scoutf\u00f6r\u00e4ldrar! S\u00f6ndagen den 26 mars \u00e4r det dags f\u00f6r V\u00e5ffeldagen. F\u00f6r att fira denplanerar vi att servera v\u00e5fflor med en massa tillbeh\u00f6r vid scoutlokalen p\u00e5 Anna-Stinas Lid mellanklockan 11-15. Vi g\u00f6r detta av flera anledningar. Dels vill vi g\u00f6ra reklam f\u00f6r oss sj\u00e4lva, d\u00e5 vi g\u00e4rna blir fler scouter i k\u00e5ren, [&hellip;]<\/p>\n","protected":false},"author":15,"featured_media":0,"comment_status":"closed","ping_status":"closed","sticky":false,"template":"","format":"standard","meta":{"_uag_custom_page_level_css":"","_themeisle_gutenberg_block_has_review":false,"footnotes":""},"categories":[19],"tags":[],"class_list":["post-2264","post","type-post","status-publish","format-standard","hentry","category-information"],"uagb_featured_image_src":{"full":false,"thumbnail":false,"medium":false,"medium_large":false,"large":false,"1536x1536":false,"2048x2048":false},"uagb_author_info":{"display_name":"Nicklas","author_link":"https:\/\/jonseredscout.se\/blogg\/arkiv\/author\/nicklas"},"uagb_comment_info":0,"uagb_excerpt":"Hej alla scouter &amp; scoutf\u00f6r\u00e4ldrar! S\u00f6ndagen den 26 mars \u00e4r det dags f\u00f6r V\u00e5ffeldagen. F\u00f6r att fira denplanerar vi att servera v\u00e5fflor med en massa tillbeh\u00f6r vid scoutlokalen p\u00e5 Anna-Stinas Lid mellanklockan 11-15. Vi g\u00f6r detta av flera anledningar. Dels vill vi g\u00f6ra reklam f\u00f6r oss sj\u00e4lva, d\u00e5 vi g\u00e4rna blir fler scouter i k\u00e5ren,&hellip;","publishpress_future_action":{"enabled":false,"date":"2026-05-07 12:19:10","action":"change-status","newStatus":"draft","terms":[],"taxonomy":"category","extraData":[]},"publishpress_future_workflow_manual_trigger":{"enabledWorkflows":[]},"_links":{"self":[{"href":"https:\/\/jonseredscout.se\/blogg\/wp-json\/wp\/v2\/posts\/2264","targetHints":{"allow":["GET"]}}],"collection":[{"href":"https:\/\/jonseredscout.se\/blogg\/wp-json\/wp\/v2\/posts"}],"about":[{"href":"https:\/\/jonseredscout.se\/blogg\/wp-json\/wp\/v2\/types\/post"}],"author":[{"embeddable":true,"href":"https:\/\/jonseredscout.se\/blogg\/wp-json\/wp\/v2\/users\/15"}],"replies":[{"embeddable":true,"href":"https:\/\/jonseredscout.se\/blogg\/wp-json\/wp\/v2\/comments?post=2264"}],"version-history":[{"count":3,"href":"https:\/\/jonseredscout.se\/blogg\/wp-json\/wp\/v2\/posts\/2264\/revisions"}],"predecessor-version":[{"id":2491,"href":"https:\/\/jonseredscout.se\/blogg\/wp-json\/wp\/v2\/posts\/2264\/revisions\/2491"}],"wp:attachment":[{"href":"https:\/\/jonseredscout.se\/blogg\/wp-json\/wp\/v2\/media?parent=2264"}],"wp:term":[{"taxonomy":"category","embeddable":true,"href":"https:\/\/jonseredscout.se\/blogg\/wp-json\/wp\/v2\/categories?post=2264"},{"taxonomy":"post_tag","embeddable":true,"href":"https:\/\/jonseredscout.se\/blogg\/wp-json\/wp\/v2\/tags?post=2264"}],"curies":[{"name":"wp","href":"https:\/\/api.w.org\/{rel}","templated":true}]}}